{"id":146,"date":"2014-07-13T12:36:39","date_gmt":"2014-07-13T10:36:39","guid":{"rendered":"http:\/\/www.kompanie-hindenburg.de\/?p=146"},"modified":"2014-07-13T12:37:23","modified_gmt":"2014-07-13T10:37:23","slug":"koenigkaiserkinderkoenig-kompanie-hindenburg","status":"publish","type":"post","link":"http:\/\/www.kompanie-hindenburg.de\/?p=146","title":{"rendered":"K\u00f6nig\/Kaiser\/Kinderk\u00f6nig = Kompanie Hindenburg"},"content":{"rendered":"<p><span style=\"font-size: 2.625em;\">K\u00f6nig 2014 \/ 2015<\/span><\/p>\n<p><span style=\"font-size: 1.5em;\">Dierk Br\u00fcggen &amp; K\u00f6nigin Birgit Deters<br \/>\n(Kp. Hindenburg)<br \/>\n<\/span><br \/>\n<a href=\"http:\/\/www.kompanie-hindenburg.de\/wp-content\/uploads\/2014\/07\/K800_K\u00f6nig-Dierk-Br\u00fcggen-K\u00f6nigin-Birgit-Deters-Birgit.jpg\"><img loading=\"lazy\" decoding=\"async\" class=\"alignnone size-medium wp-image-147\" alt=\"K800_K\u00f6nig-Dierk-Br\u00fcggen-&amp;-K\u00f6nigin-Birgit-Deters-Birgit\" src=\"http:\/\/www.kompanie-hindenburg.de\/wp-content\/uploads\/2014\/07\/K800_K\u00f6nig-Dierk-Br\u00fcggen-K\u00f6nigin-Birgit-Deters-Birgit-231x300.jpg\" width=\"231\" height=\"300\" srcset=\"http:\/\/www.kompanie-hindenburg.de\/wp-content\/uploads\/2014\/07\/K800_K\u00f6nig-Dierk-Br\u00fcggen-K\u00f6nigin-Birgit-Deters-Birgit-231x300.jpg 231w, http:\/\/www.kompanie-hindenburg.de\/wp-content\/uploads\/2014\/07\/K800_K\u00f6nig-Dierk-Br\u00fcggen-K\u00f6nigin-Birgit-Deters-Birgit.jpg 450w\" sizes=\"auto, (max-width: 231px) 100vw, 231px\" \/><\/a><\/p>\n<p><span style=\"font-size: 2.625em;\">Minister:<\/span><\/p>\n<table style=\"width: 100%;\" border=\"0\" cellspacing=\"2\" cellpadding=\"2\">\n<tbody>\n<tr>\n<td>Minister Hans-Werner Ahlers &amp; Marita Stuntebeck<\/td>\n<td>Minister Daniel Ohlhoff &amp; Christina Deters<\/td>\n<td>Minister Simon Spille &amp; Lena Dellenbach<\/td>\n<\/tr>\n<tr>\n<td><a href=\"http:\/\/www.kompanie-hindenburg.de\/wp-content\/uploads\/2014\/07\/K800_Minister-Werner-Ahlers-Ministerin-Marita-Stuntebeck.jpg\"><img loading=\"lazy\" decoding=\"async\" class=\"alignnone  wp-image-148\" alt=\"K800_Minister-Werner-Ahlers-&amp;-Ministerin-Marita-Stuntebeck\" src=\"http:\/\/www.kompanie-hindenburg.de\/wp-content\/uploads\/2014\/07\/K800_Minister-Werner-Ahlers-Ministerin-Marita-Stuntebeck-231x300.jpg\" width=\"162\" height=\"210\" srcset=\"http:\/\/www.kompanie-hindenburg.de\/wp-content\/uploads\/2014\/07\/K800_Minister-Werner-Ahlers-Ministerin-Marita-Stuntebeck-231x300.jpg 231w, http:\/\/www.kompanie-hindenburg.de\/wp-content\/uploads\/2014\/07\/K800_Minister-Werner-Ahlers-Ministerin-Marita-Stuntebeck.jpg 450w\" sizes=\"auto, (max-width: 162px) 100vw, 162px\" \/><\/a><\/td>\n<td><a href=\"http:\/\/www.kompanie-hindenburg.de\/wp-content\/uploads\/2014\/07\/K800_Minister-Daniel-Ohlhoff-Ministerin-Christina-Deters.jpg\"><img loading=\"lazy\" decoding=\"async\" class=\"alignnone  wp-image-149\" alt=\"K800_Minister-Daniel-Ohlhoff-&amp;-Ministerin-Christina-Deters\" src=\"http:\/\/www.kompanie-hindenburg.de\/wp-content\/uploads\/2014\/07\/K800_Minister-Daniel-Ohlhoff-Ministerin-Christina-Deters-231x300.jpg\" width=\"162\" height=\"210\" srcset=\"http:\/\/www.kompanie-hindenburg.de\/wp-content\/uploads\/2014\/07\/K800_Minister-Daniel-Ohlhoff-Ministerin-Christina-Deters-231x300.jpg 231w, http:\/\/www.kompanie-hindenburg.de\/wp-content\/uploads\/2014\/07\/K800_Minister-Daniel-Ohlhoff-Ministerin-Christina-Deters.jpg 450w\" sizes=\"auto, (max-width: 162px) 100vw, 162px\" \/><\/a><\/td>\n<td><a href=\"http:\/\/www.kompanie-hindenburg.de\/wp-content\/uploads\/2014\/07\/K800_Minister-Simon-Spille-Ministerin-Lena-Dellenbach.jpg\"><img loading=\"lazy\" decoding=\"async\" class=\"alignnone  wp-image-150\" alt=\"K800_Minister-Simon-Spille-&amp;-Ministerin-Lena-Dellenbach\" src=\"http:\/\/www.kompanie-hindenburg.de\/wp-content\/uploads\/2014\/07\/K800_Minister-Simon-Spille-Ministerin-Lena-Dellenbach-231x300.jpg\" width=\"162\" height=\"210\" srcset=\"http:\/\/www.kompanie-hindenburg.de\/wp-content\/uploads\/2014\/07\/K800_Minister-Simon-Spille-Ministerin-Lena-Dellenbach-231x300.jpg 231w, http:\/\/www.kompanie-hindenburg.de\/wp-content\/uploads\/2014\/07\/K800_Minister-Simon-Spille-Ministerin-Lena-Dellenbach.jpg 450w\" sizes=\"auto, (max-width: 162px) 100vw, 162px\" \/><\/a><\/td>\n<\/tr>\n<\/tbody>\n<\/table>\n<p>&nbsp;<\/p>\n<hr style=\"width: 100%;\" width=\"100%\" \/>\n<p><span style=\"font-size: 2.625em;\">Kinderk\u00f6nig 2014 \/ 2015<\/span><\/p>\n<p><span style=\"font-size: 1.5em;\">Mats Deters <\/span>(Kp. Hindenburg)<br \/>\n<span style=\"font-size: 1.5em;\">mit Pia Hartmann<\/span>(Zitadellengarde)<br \/>\n<a href=\"http:\/\/www.kompanie-hindenburg.de\/wp-content\/uploads\/2014\/07\/K800_Kiko2014_15MatsDeters.jpg\"><img loading=\"lazy\" decoding=\"async\" class=\"alignnone size-medium wp-image-151\" alt=\"K800_Kiko2014_15#MatsDeters\" src=\"http:\/\/www.kompanie-hindenburg.de\/wp-content\/uploads\/2014\/07\/K800_Kiko2014_15MatsDeters-214x300.jpg\" width=\"214\" height=\"300\" srcset=\"http:\/\/www.kompanie-hindenburg.de\/wp-content\/uploads\/2014\/07\/K800_Kiko2014_15MatsDeters-214x300.jpg 214w, http:\/\/www.kompanie-hindenburg.de\/wp-content\/uploads\/2014\/07\/K800_Kiko2014_15MatsDeters.jpg 600w\" sizes=\"auto, (max-width: 214px) 100vw, 214px\" \/><\/a><\/p>\n<p><span style=\"font-size: 2.625em;\">Minister\/Ministerinen 2014 \/ 2015<\/span><\/p>\n<p><span style=\"font-size: 1.5em;\">Ministerin Lea Wichmann (Zitadellengarde) &amp; Tommy Rothe | Kinderk\u00f6nig Mats Deters (Kp. Hindenburg) &amp; Pia Hartmann (Zitadellengarde) | Ministerin Sophie Gawellek (Zitadellengarde) &amp; Bastian Such (KP. Edelweiss)<\/span><\/p>\n<p><a href=\"http:\/\/www.kompanie-hindenburg.de\/wp-content\/uploads\/2014\/07\/K800_KikiThron2014_15Lea-Wichemann_Mats-Deters_SophieGawellek.jpg\"><img loading=\"lazy\" decoding=\"async\" class=\"alignnone  wp-image-152\" alt=\"K800_KikiThron2014_15#Lea-Wichemann_Mats-Deters_SophieGawellek\" src=\"http:\/\/www.kompanie-hindenburg.de\/wp-content\/uploads\/2014\/07\/K800_KikiThron2014_15Lea-Wichemann_Mats-Deters_SophieGawellek.jpg\" width=\"667\" height=\"420\" srcset=\"http:\/\/www.kompanie-hindenburg.de\/wp-content\/uploads\/2014\/07\/K800_KikiThron2014_15Lea-Wichemann_Mats-Deters_SophieGawellek.jpg 953w, http:\/\/www.kompanie-hindenburg.de\/wp-content\/uploads\/2014\/07\/K800_KikiThron2014_15Lea-Wichemann_Mats-Deters_SophieGawellek-300x188.jpg 300w\" sizes=\"auto, (max-width: 667px) 100vw, 667px\" \/><\/a><\/p>\n<hr style=\"width: 100%;\" width=\"100%\" \/>\n<p><span style=\"font-size: 2.625em;\">Kaiser 2014<\/span><\/p>\n<p><span style=\"font-size: 1.5em;\">Hauke Anders <\/span>(Kp. Hindenburg)<br \/>\n<span style=\"font-size: 1.5em;\">mit Gabriele Anders<\/span><br \/>\n<a href=\"http:\/\/www.kompanie-hindenburg.de\/wp-content\/uploads\/2014\/07\/K800_2014_06_15-\u2013-87MN.jpg\"><img loading=\"lazy\" decoding=\"async\" class=\"alignnone  wp-image-153\" alt=\"K800_2014_06_15 \u2013 87MN\" src=\"http:\/\/www.kompanie-hindenburg.de\/wp-content\/uploads\/2014\/07\/K800_2014_06_15-\u2013-87MN.jpg\" width=\"360\" height=\"539\" srcset=\"http:\/\/www.kompanie-hindenburg.de\/wp-content\/uploads\/2014\/07\/K800_2014_06_15-\u2013-87MN.jpg 600w, http:\/\/www.kompanie-hindenburg.de\/wp-content\/uploads\/2014\/07\/K800_2014_06_15-\u2013-87MN-200x300.jpg 200w\" sizes=\"auto, (max-width: 360px) 100vw, 360px\" \/><\/a><\/p>\n","protected":false},"excerpt":{"rendered":"<p>K\u00f6nig 2014 \/ 2015 Dierk Br\u00fcggen &amp; K\u00f6nigin Birgit Deters (Kp. Hindenburg) Minister: Minister Hans-Werner Ahlers &amp; Marita Stuntebeck Minister Daniel Ohlhoff &amp; Christina Deters Minister Simon Spille &amp; Lena Dellenbach &nbsp; Kinderk\u00f6nig 2014 \/ 2015 Mats Deters (Kp. Hindenburg) mit Pia Hartmann(Zitadellengarde) Minister\/Ministerinen 2014 \/ 2015 Ministerin Lea Wichmann (Zitadellengarde) &amp; Tommy Rothe | [&hellip;]<\/p>\n","protected":false},"author":2,"featured_media":0,"comment_status":"closed","ping_status":"closed","sticky":false,"template":"","format":"standard","meta":{"ngg_post_thumbnail":0,"footnotes":""},"categories":[1],"tags":[],"class_list":["post-146","post","type-post","status-publish","format-standard","hentry","category-allgemein"],"aioseo_notices":[],"_links":{"self":[{"href":"http:\/\/www.kompanie-hindenburg.de\/index.php?rest_route=\/wp\/v2\/posts\/146","targetHints":{"allow":["GET"]}}],"collection":[{"href":"http:\/\/www.kompanie-hindenburg.de\/index.php?rest_route=\/wp\/v2\/posts"}],"about":[{"href":"http:\/\/www.kompanie-hindenburg.de\/index.php?rest_route=\/wp\/v2\/types\/post"}],"author":[{"embeddable":true,"href":"http:\/\/www.kompanie-hindenburg.de\/index.php?rest_route=\/wp\/v2\/users\/2"}],"replies":[{"embeddable":true,"href":"http:\/\/www.kompanie-hindenburg.de\/index.php?rest_route=%2Fwp%2Fv2%2Fcomments&post=146"}],"version-history":[{"count":3,"href":"http:\/\/www.kompanie-hindenburg.de\/index.php?rest_route=\/wp\/v2\/posts\/146\/revisions"}],"predecessor-version":[{"id":894,"href":"http:\/\/www.kompanie-hindenburg.de\/index.php?rest_route=\/wp\/v2\/posts\/146\/revisions\/894"}],"wp:attachment":[{"href":"http:\/\/www.kompanie-hindenburg.de\/index.php?rest_route=%2Fwp%2Fv2%2Fmedia&parent=146"}],"wp:term":[{"taxonomy":"category","embeddable":true,"href":"http:\/\/www.kompanie-hindenburg.de\/index.php?rest_route=%2Fwp%2Fv2%2Fcategories&post=146"},{"taxonomy":"post_tag","embeddable":true,"href":"http:\/\/www.kompanie-hindenburg.de\/index.php?rest_route=%2Fwp%2Fv2%2Ftags&post=146"}],"curies":[{"name":"wp","href":"https:\/\/api.w.org\/{rel}","templated":true}]}}